{"id":10020,"date":"2025-07-23T08:34:47","date_gmt":"2025-07-23T06:34:47","guid":{"rendered":"https:\/\/amppress.rs\/?p=10020"},"modified":"2025-07-23T08:34:47","modified_gmt":"2025-07-23T06:34:47","slug":"ministar-demo-berisa-manjine-su-bogatstvo-republike-srbije","status":"publish","type":"post","link":"https:\/\/amppress.rs\/index.php\/2025\/07\/23\/ministar-demo-berisa-manjine-su-bogatstvo-republike-srbije\/","title":{"rendered":"Ministar Demo Beri\u0161a: Manjine su bogatstvo Republike Srbije"},"content":{"rendered":{},"protected":false},"excerpt":{"rendered":"<p>\u010ca\u010dak \u2013 Ministar za ljudska i manjinska prava i dru\u0161tveni dijalog Demo Beri\u0161a odr\u017eao je&#8230;<\/p>\n","protected":false},"author":1,"featured_media":10021,"comment_status":"open","ping_status":"open","sticky":false,"template":"","format":"standard","meta":{"_acf_changed":false,"footnotes":""},"categories":[766],"tags":[3205,3207,334,3206],"class_list":["post-10020","post","type-post","status-publish","format-standard","has-post-thumbnail","hentry","category-cacak","tag-demo-berisa","tag-manjine","tag-ministar","tag-prava"],"acf":[],"featured_image_urls":{"full":["https:\/\/amppress.rs\/wp-content\/uploads\/2025\/07\/ministar-demo-berisa-gzs.webp",640,427,false],"thumbnail":["https:\/\/amppress.rs\/wp-content\/uploads\/2025\/07\/ministar-demo-berisa-gzs-150x150.webp",150,150,true],"medium":["https:\/\/amppress.rs\/wp-content\/uploads\/2025\/07\/ministar-demo-berisa-gzs-300x200.webp",300,200,true],"medium_large":["https:\/\/amppress.rs\/wp-content\/uploads\/2025\/07\/ministar-demo-berisa-gzs.webp",640,427,false],"large":["https:\/\/amppress.rs\/wp-content\/uploads\/2025\/07\/ministar-demo-berisa-gzs.webp",640,427,false],"1536x1536":["https:\/\/amppress.rs\/wp-content\/uploads\/2025\/07\/ministar-demo-berisa-gzs.webp",640,427,false],"2048x2048":["https:\/\/amppress.rs\/wp-content\/uploads\/2025\/07\/ministar-demo-berisa-gzs.webp",640,427,false],"cvmm-medium":["https:\/\/amppress.rs\/wp-content\/uploads\/2025\/07\/ministar-demo-berisa-gzs-300x300.webp",300,300,true],"cvmm-medium-plus":["https:\/\/amppress.rs\/wp-content\/uploads\/2025\/07\/ministar-demo-berisa-gzs-305x207.webp",305,207,true],"cvmm-portrait":["https:\/\/amppress.rs\/wp-content\/uploads\/2025\/07\/ministar-demo-berisa-gzs-400x427.webp",400,427,true],"cvmm-medium-square":["https:\/\/amppress.rs\/wp-content\/uploads\/2025\/07\/ministar-demo-berisa-gzs-600x427.webp",600,427,true],"cvmm-large":["https:\/\/amppress.rs\/wp-content\/uploads\/2025\/07\/ministar-demo-berisa-gzs.webp",640,427,false],"cvmm-small":["https:\/\/amppress.rs\/wp-content\/uploads\/2025\/07\/ministar-demo-berisa-gzs-130x95.webp",130,95,true],"newsever-slider-full":["https:\/\/amppress.rs\/wp-content\/uploads\/2025\/07\/ministar-demo-berisa-gzs.webp",640,427,false],"newsever-featured":["https:\/\/amppress.rs\/wp-content\/uploads\/2025\/07\/ministar-demo-berisa-gzs.webp",640,427,false],"newsever-medium":["https:\/\/amppress.rs\/wp-content\/uploads\/2025\/07\/ministar-demo-berisa-gzs.webp",640,427,false]},"author_info":{"display_name":"\u0410\u041c\u041f \u041f\u0420\u0415\u0421\u0421","author_link":"https:\/\/amppress.rs\/index.php\/author\/eduka\/"},"category_info":"<a href=\"https:\/\/amppress.rs\/index.php\/category\/cacak\/\" rel=\"category tag\">\u010ca\u010dak<\/a>","tag_info":"\u010ca\u010dak","comment_count":"0","blog_post_layout_featured_media_urls":{"thumbnail":["https:\/\/amppress.rs\/wp-content\/uploads\/2025\/07\/ministar-demo-berisa-gzs-150x150.webp",150,150,true],"full":["https:\/\/amppress.rs\/wp-content\/uploads\/2025\/07\/ministar-demo-berisa-gzs.webp",640,427,false]},"categories_names":{"766":{"name":"\u010ca\u010dak","link":"https:\/\/amppress.rs\/index.php\/category\/cacak\/"}},"tags_names":{"3205":{"name":"Demo Beri\u0161a","link":"https:\/\/amppress.rs\/index.php\/tag\/demo-berisa\/"},"3207":{"name":"manjine","link":"https:\/\/amppress.rs\/index.php\/tag\/manjine\/"},"334":{"name":"MINISTAR","link":"https:\/\/amppress.rs\/index.php\/tag\/ministar\/"},"3206":{"name":"prava","link":"https:\/\/amppress.rs\/index.php\/tag\/prava\/"}},"comments_number":"0","wpmagazine_modules_featured_media_urls":{"thumbnail":["https:\/\/amppress.rs\/wp-content\/uploads\/2025\/07\/ministar-demo-berisa-gzs-150x150.webp",150,150,true],"cvmm-medium":["https:\/\/amppress.rs\/wp-content\/uploads\/2025\/07\/ministar-demo-berisa-gzs-300x300.webp",300,300,true],"cvmm-medium-plus":["https:\/\/amppress.rs\/wp-content\/uploads\/2025\/07\/ministar-demo-berisa-gzs-305x207.webp",305,207,true],"cvmm-portrait":["https:\/\/amppress.rs\/wp-content\/uploads\/2025\/07\/ministar-demo-berisa-gzs-400x427.webp",400,427,true],"cvmm-medium-square":["https:\/\/amppress.rs\/wp-content\/uploads\/2025\/07\/ministar-demo-berisa-gzs-600x427.webp",600,427,true],"cvmm-large":["https:\/\/amppress.rs\/wp-content\/uploads\/2025\/07\/ministar-demo-berisa-gzs.webp",640,427,false],"cvmm-small":["https:\/\/amppress.rs\/wp-content\/uploads\/2025\/07\/ministar-demo-berisa-gzs-130x95.webp",130,95,true],"full":["https:\/\/amppress.rs\/wp-content\/uploads\/2025\/07\/ministar-demo-berisa-gzs.webp",640,427,false]},"_links":{"self":[{"href":"https:\/\/amppress.rs\/index.php\/wp-json\/wp\/v2\/posts\/10020","targetHints":{"allow":["GET"]}}],"collection":[{"href":"https:\/\/amppress.rs\/index.php\/wp-json\/wp\/v2\/posts"}],"about":[{"href":"https:\/\/amppress.rs\/index.php\/wp-json\/wp\/v2\/types\/post"}],"author":[{"embeddable":true,"href":"https:\/\/amppress.rs\/index.php\/wp-json\/wp\/v2\/users\/1"}],"replies":[{"embeddable":true,"href":"https:\/\/amppress.rs\/index.php\/wp-json\/wp\/v2\/comments?post=10020"}],"version-history":[{"count":1,"href":"https:\/\/amppress.rs\/index.php\/wp-json\/wp\/v2\/posts\/10020\/revisions"}],"predecessor-version":[{"id":10022,"href":"https:\/\/amppress.rs\/index.php\/wp-json\/wp\/v2\/posts\/10020\/revisions\/10022"}],"wp:featuredmedia":[{"embeddable":true,"href":"https:\/\/amppress.rs\/index.php\/wp-json\/wp\/v2\/media\/10021"}],"wp:attachment":[{"href":"https:\/\/amppress.rs\/index.php\/wp-json\/wp\/v2\/media?parent=10020"}],"wp:term":[{"taxonomy":"category","embeddable":true,"href":"https:\/\/amppress.rs\/index.php\/wp-json\/wp\/v2\/categories?post=10020"},{"taxonomy":"post_tag","embeddable":true,"href":"https:\/\/amppress.rs\/index.php\/wp-json\/wp\/v2\/tags?post=10020"}],"curies":[{"name":"wp","href":"https:\/\/api.w.org\/{rel}","templated":true}]}}